{"id":331,"date":"2007-12-30T10:33:13","date_gmt":"2007-12-30T09:33:13","guid":{"rendered":"http:\/\/tacd.espe-bretagne.fr\/?p=331"},"modified":"2020-01-30T11:34:33","modified_gmt":"2020-01-30T10:34:33","slug":"2007-agir-ensemble-laction-didactique-conjointe-du-professeur-et-des-eleves","status":"publish","type":"post","link":"http:\/\/tacd.espe-bretagne.fr\/en\/2007\/12\/30\/2007-agir-ensemble-laction-didactique-conjointe-du-professeur-et-des-eleves\/","title":{"rendered":"2007 &#8211; Agir ensemble. L&#8217;action didactique conjointe du professeur et des \u00e9l\u00e8ves"},"content":{"rendered":"<p style=\"text-align: justify;\">Sensevy, G., &amp; Mercier, A. (\u00c9d.). (2007). <em>Agir ensemble\u202f: L\u2019action didactique conjointe du professeur et des \u00e9l\u00e8ves<\/em>. Rennes : Presses universitaires de Rennes.<\/p>\n<p style=\"text-align: justify;\">Comment d\u00e9crire d&#8217;une mani\u00e8re rigoureuse et heuristique le travail du professeur avec les \u00e9l\u00e8ves ? Comment, donc, penser l&#8217;enseignement et l&#8217;apprentissage dans leur solidarit\u00e9 ? En quoi les savoirs dont le professeur veut instruire les \u00e9l\u00e8ves donnent-ils leurs formes aux transactions didactiques? Le livre entend traiter de ces questions, en offrant une vue d&#8217;ensemble d&#8217;une approche &#8221; actionnelle &#8221; de l&#8217;enseignement et de l&#8217;apprentissage dans les classes, et en proposant \u00e0 la discussion \u00e0 ta fois des positions \u00e9pist\u00e9mologiques, des outils th\u00e9oriques, et des m\u00e9thodes d&#8217;investigation empirique. Cet ouvrage s&#8217;adresse aux chercheurs: en didactique des disciplines &#8211; dont ceux qui s&#8217;int\u00e9ressent aux approches comparatistes dans le champ didactique, en sciences de l&#8217;\u00e9ducation, et plus g\u00e9n\u00e9ralement \u00e0 tous ceux, qui, dans les sciences de l&#8217;homme et de la soci\u00e9t\u00e9, s&#8217;int\u00e9ressent \u00e0 l&#8217;\u00e9tude de l&#8217;agir, en particulier dans les situations \u00e9ducatives. Il concerne aussi les \u00e9tudiants en didactique des disciplines et en sciences de l&#8217;\u00e9ducation, plus particuli\u00e8rement au niveau du master et du doctorat. Il leur offre une introduction \u00e0 certains concepts fondamentaux de l&#8217;approche didactique et une initiation \u00e0 ses probl\u00e9matiques actuelles.<\/p>\n<p style=\"text-align: right;\"><a href=\"http:\/\/www.pur-editions.fr\/detail.php?idOuv=1559\" target=\"_blank\" rel=\"noreferrer noopener\" aria-label=\"En savoir plus (s\u2019ouvre dans un nouvel onglet)\" data-rich-text-format-boundary=\"true\">Voir la fiche de l&#8217;ouvrage sur le site des PUR<\/a><\/p>\n","protected":false},"excerpt":{"rendered":"<p>Sensevy, G., &amp; Mercier, A. (\u00c9d.). (2007). Agir ensemble\u202f: L\u2019action didactique conjointe du professeur et des \u00e9l\u00e8ves. Rennes : Presses universitaires de Rennes. Comment d\u00e9crire d&#8217;une mani\u00e8re rigoureuse et heuristique le travail du professeur avec les \u00e9l\u00e8ves ? Comment, donc, penser l&#8217;enseignement et l&#8217;apprentissage dans leur solidarit\u00e9 ? En quoi les savoirs dont le professeur veut instruire les \u00e9l\u00e8ves donnent-ils leurs formes aux transactions didactiques? Le livre entend traiter de ces questions, en offrant une vue d&#8217;ensemble d&#8217;une approche &#8221; actionnelle &#8221; de l&#8217;enseignement et de l&#8217;apprentissage dans les classes, et en proposant \u00e0 la discussion \u00e0 ta fois des positions \u00e9pist\u00e9mologiques, des outils th\u00e9oriques, et des m\u00e9thodes d&#8217;investigation empirique. Cet ouvrage s&#8217;adresse aux chercheurs: en didactique des disciplines &#8211; dont ceux qui s&#8217;int\u00e9ressent aux approches comparatistes dans le champ didactique, en sciences de l&#8217;\u00e9ducation, et plus g\u00e9n\u00e9ralement \u00e0 tous ceux, qui, dans les sciences de l&#8217;homme et de la soci\u00e9t\u00e9, s&#8217;int\u00e9ressent \u00e0 l&#8217;\u00e9tude de l&#8217;agir, en particulier dans les situations \u00e9ducatives. Il concerne aussi les \u00e9tudiants en didactique des disciplines et en sciences de l&#8217;\u00e9ducation, plus particuli\u00e8rement au niveau du master et du doctorat. Il leur offre une introduction \u00e0 certains concepts fondamentaux de l&#8217;approche didactique et une initiation \u00e0 ses probl\u00e9matiques actuelles. Voir la fiche de l&#8217;ouvrage sur le site des PUR<\/p>\n","protected":false},"author":5,"featured_media":0,"comment_status":"open","ping_status":"open","sticky":false,"template":"","format":"standard","meta":{"footnotes":""},"categories":[4,3],"tags":[24,18],"class_list":["post-331","post","type-post","status-publish","format-standard","hentry","category-ouvrages","category-publications","tag-mercier","tag-sensevy"],"translation":{"provider":"WPGlobus","version":"3.0.2","language":"en","enabled_languages":["fr","en"],"languages":{"fr":{"title":true,"content":true,"excerpt":false},"en":{"title":false,"content":false,"excerpt":false}}},"_links":{"self":[{"href":"http:\/\/tacd.espe-bretagne.fr\/en\/wp-json\/wp\/v2\/posts\/331","targetHints":{"allow":["GET"]}}],"collection":[{"href":"http:\/\/tacd.espe-bretagne.fr\/en\/wp-json\/wp\/v2\/posts"}],"about":[{"href":"http:\/\/tacd.espe-bretagne.fr\/en\/wp-json\/wp\/v2\/types\/post"}],"author":[{"embeddable":true,"href":"http:\/\/tacd.espe-bretagne.fr\/en\/wp-json\/wp\/v2\/users\/5"}],"replies":[{"embeddable":true,"href":"http:\/\/tacd.espe-bretagne.fr\/en\/wp-json\/wp\/v2\/comments?post=331"}],"version-history":[{"count":1,"href":"http:\/\/tacd.espe-bretagne.fr\/en\/wp-json\/wp\/v2\/posts\/331\/revisions"}],"predecessor-version":[{"id":333,"href":"http:\/\/tacd.espe-bretagne.fr\/en\/wp-json\/wp\/v2\/posts\/331\/revisions\/333"}],"wp:attachment":[{"href":"http:\/\/tacd.espe-bretagne.fr\/en\/wp-json\/wp\/v2\/media?parent=331"}],"wp:term":[{"taxonomy":"category","embeddable":true,"href":"http:\/\/tacd.espe-bretagne.fr\/en\/wp-json\/wp\/v2\/categories?post=331"},{"taxonomy":"post_tag","embeddable":true,"href":"http:\/\/tacd.espe-bretagne.fr\/en\/wp-json\/wp\/v2\/tags?post=331"}],"curies":[{"name":"wp","href":"https:\/\/api.w.org\/{rel}","templated":true}]}}